{"id":1756,"date":"2024-12-02T15:36:43","date_gmt":"2024-12-02T14:36:43","guid":{"rendered":"https:\/\/shirsbrunner.com\/?p=1756"},"modified":"2024-12-03T08:47:02","modified_gmt":"2024-12-03T07:47:02","slug":"staatliche-beihilfen-db-cargo-schweiz","status":"publish","type":"post","link":"https:\/\/shirsbrunner.com\/de\/news-and-insight-de\/staatliche-beihilfen-db-cargo-schweiz\/","title":{"rendered":"Staatliche Beihilfen im Schieneng\u00fcterverkehr \u2013 der Fall DB Cargo und die Schweiz"},"content":{"rendered":"\t\t<div data-elementor-type=\"wp-post\" data-elementor-id=\"1756\" class=\"elementor elementor-1756\" data-elementor-post-type=\"post\">\n\t\t\t\t\t\t<section class=\"elementor-section elementor-top-section elementor-element elementor-element-cf03d73 elementor-section-boxed elementor-section-height-default elementor-section-height-default\" data-id=\"cf03d73\" data-element_type=\"section\">\n\t\t\t\t\t\t<div class=\"elementor-container elementor-column-gap-default\">\n\t\t\t\t\t<div class=\"elementor-column elementor-col-100 elementor-top-column elementor-element elementor-element-14d4155\" data-id=\"14d4155\" data-element_type=\"column\">\n\t\t\t<div class=\"elementor-widget-wrap elementor-element-populated\">\n\t\t\t\t\t\t<div class=\"elementor-element elementor-element-676ac79 elementor-widget elementor-widget-text-editor\" data-id=\"676ac79\" data-element_type=\"widget\" data-widget_type=\"text-editor.default\">\n\t\t\t\t<div class=\"elementor-widget-container\">\n\t\t\t\t\t\t\t\t\t<p>Die Europ\u00e4ische Kommission will nicht mehr, dass die DB Cargo am Tropf der Deutschen Bahn (DB) h\u00e4ngt. Das hat sie in einem Beschluss vom 29. November 2024 klargestellt. Die Frage stellt sich, welche Schlussfolgerungen sich f\u00fcr den Schieneng\u00fcterverkehr in der Schweiz ergeben.<\/p>\t\t\t\t\t\t\t\t<\/div>\n\t\t\t\t<\/div>\n\t\t\t\t<div class=\"elementor-element elementor-element-cd39666 elementor-widget elementor-widget-text-editor\" data-id=\"cd39666\" data-element_type=\"widget\" data-widget_type=\"text-editor.default\">\n\t\t\t\t<div class=\"elementor-widget-container\">\n\t\t\t\t\t\t\t\t\t<p>Nach Auffassung der Kommission ist es mit EU-Beihilferecht unvereinbar, dass die DB seit 2012 die Verluste ihrer Tochtergesellschaft DB Cargo deckt. Das bedeutet, dass die DB und die DB Cargo ihren Gewinnabf\u00fchrungs- und Verlust\u00fcbernahmevertrag, der eine fortlaufende Refinanzierung der DB Cargo vorsieht, nicht weiter f\u00fchren k\u00f6nnen. Zudem muss die DB Cargo eine Umstrukturierung vornehmen, um ihre Kosten zu reduzieren und die langfristige Rentabilit\u00e4t sicherzustellen. Dies hat die Kommission in einer <a href=\"https:\/\/ec.europa.eu\/commission\/presscorner\/detail\/de\/ip_24_6121\">Pressemitteilung<\/a> bekannt gegeben. Ein paralleles Verfahren betreffend die G\u00fcterverkehrsabteilung der franz\u00f6sischen Staatsbahnen (SNCF Fr\u00eat) ist noch im Gange.<\/p>\t\t\t\t\t\t\t\t<\/div>\n\t\t\t\t<\/div>\n\t\t\t\t\t<\/div>\n\t\t<\/div>\n\t\t\t\t\t<\/div>\n\t\t<\/section>\n\t\t\t\t<section class=\"elementor-section elementor-top-section elementor-element elementor-element-391071e elementor-section-boxed elementor-section-height-default elementor-section-height-default\" data-id=\"391071e\" data-element_type=\"section\">\n\t\t\t\t\t\t<div class=\"elementor-container elementor-column-gap-default\">\n\t\t\t\t\t<div class=\"elementor-column elementor-col-100 elementor-top-column elementor-element elementor-element-c05e7ac\" data-id=\"c05e7ac\" data-element_type=\"column\">\n\t\t\t<div class=\"elementor-widget-wrap elementor-element-populated\">\n\t\t\t\t\t\t<div class=\"elementor-element elementor-element-359053c elementor-widget elementor-widget-text-editor\" data-id=\"359053c\" data-element_type=\"widget\" data-widget_type=\"text-editor.default\">\n\t\t\t\t<div class=\"elementor-widget-container\">\n\t\t\t\t\t\t\t\t\t<p>Aus Schweizer Sicht ist diese Entwicklung von Interesse, weil die Schweiz derzeit Verhandlungen \u00fcber eine Vertiefung der Zusammenarbeit mit der EU f\u00fchrt. Die EU will im Rahmen dieser Verhandlungen u.a. erreichen, dass die Schweiz die EU-Vorschriften \u00fcber staatliche Beihilfen in ausgew\u00e4hlten Sektoren \u00fcbernimmt, so im Landverkehr, einschliesslich dem Schieneng\u00fcterverkehr und dem kombinierten Verkehr.<\/p>\t\t\t\t\t\t\t\t<\/div>\n\t\t\t\t<\/div>\n\t\t\t\t<div class=\"elementor-element elementor-element-ea9318a elementor-widget elementor-widget-text-editor\" data-id=\"ea9318a\" data-element_type=\"widget\" data-widget_type=\"text-editor.default\">\n\t\t\t\t<div class=\"elementor-widget-container\">\n\t\t\t\t\t\t\t\t\t<p>W\u00e4hrend diese Verhandlungen andauern, ber\u00e4t das Schweizer Parlament \u00fcber eine Totalrevision des G\u00fctertransportgesetzes. Diskutiert werden u.a. eine befristete Abgeltung des Einzelwagenladungsverkehrs (EWLV), eine zus\u00e4tzliche Eind\u00e4mmung von Quersubventionen und die St\u00e4rkung des Wettbewerbs.<\/p>\t\t\t\t\t\t\t\t<\/div>\n\t\t\t\t<\/div>\n\t\t\t\t<div class=\"elementor-element elementor-element-19ec3dc elementor-widget elementor-widget-text-editor\" data-id=\"19ec3dc\" data-element_type=\"widget\" data-widget_type=\"text-editor.default\">\n\t\t\t\t<div class=\"elementor-widget-container\">\n\t\t\t\t\t\t\t\t\t<p>Es w\u00e4re wichtig sicherzustellen, dass die zur Diskussion stehenden Massnahmen mit EU-Beihilferecht vereinbar sind.<\/p>\t\t\t\t\t\t\t\t<\/div>\n\t\t\t\t<\/div>\n\t\t\t\t\t<\/div>\n\t\t<\/div>\n\t\t\t\t\t<\/div>\n\t\t<\/section>\n\t\t\t\t<\/div>\n\t\t","protected":false},"excerpt":{"rendered":"<p>Die Europ\u00e4ische Kommission will nicht mehr, dass die DB Cargo am Tropf der Deutschen Bahn (DB) h\u00e4ngt. Das hat sie in einem Beschluss vom 29. November 2024 klargestellt. Die Frage stellt sich, welche Schlussfolgerungen sich f\u00fcr den Schieneng\u00fcterverkehr in der Schweiz ergeben. Nach Auffassung der Kommission ist es mit EU-Beihilferecht unvereinbar, dass die DB seit [&hellip;]<\/p>\n","protected":false},"author":3,"featured_media":0,"comment_status":"open","ping_status":"open","sticky":false,"template":"","format":"standard","meta":{"footnotes":""},"categories":[19],"tags":[],"class_list":["post-1756","post","type-post","status-publish","format-standard","hentry","category-news-and-insight-de"],"_links":{"self":[{"href":"https:\/\/shirsbrunner.com\/de\/wp-json\/wp\/v2\/posts\/1756","targetHints":{"allow":["GET"]}}],"collection":[{"href":"https:\/\/shirsbrunner.com\/de\/wp-json\/wp\/v2\/posts"}],"about":[{"href":"https:\/\/shirsbrunner.com\/de\/wp-json\/wp\/v2\/types\/post"}],"author":[{"embeddable":true,"href":"https:\/\/shirsbrunner.com\/de\/wp-json\/wp\/v2\/users\/3"}],"replies":[{"embeddable":true,"href":"https:\/\/shirsbrunner.com\/de\/wp-json\/wp\/v2\/comments?post=1756"}],"version-history":[{"count":19,"href":"https:\/\/shirsbrunner.com\/de\/wp-json\/wp\/v2\/posts\/1756\/revisions"}],"predecessor-version":[{"id":1775,"href":"https:\/\/shirsbrunner.com\/de\/wp-json\/wp\/v2\/posts\/1756\/revisions\/1775"}],"wp:attachment":[{"href":"https:\/\/shirsbrunner.com\/de\/wp-json\/wp\/v2\/media?parent=1756"}],"wp:term":[{"taxonomy":"category","embeddable":true,"href":"https:\/\/shirsbrunner.com\/de\/wp-json\/wp\/v2\/categories?post=1756"},{"taxonomy":"post_tag","embeddable":true,"href":"https:\/\/shirsbrunner.com\/de\/wp-json\/wp\/v2\/tags?post=1756"}],"curies":[{"name":"wp","href":"https:\/\/api.w.org\/{rel}","templated":true}]}}